{"id":404,"date":"2026-07-31T11:41:34","date_gmt":"2026-07-31T14:41:34","guid":{"rendered":"https:\/\/ummineironomundo.com.br\/?p=404"},"modified":"2026-07-31T11:41:35","modified_gmt":"2026-07-31T14:41:35","slug":"orquestra-de-violoes-de-conceicao-do-mato-dentro-realiza-serie-de-apresentacoes-gratuitas","status":"publish","type":"post","link":"https:\/\/ummineironomundo.com.br\/index.php\/2026\/07\/31\/orquestra-de-violoes-de-conceicao-do-mato-dentro-realiza-serie-de-apresentacoes-gratuitas\/","title":{"rendered":"Orquestra de Viol\u00f5es de Concei\u00e7\u00e3o do Mato Dentro realiza s\u00e9rie de apresenta\u00e7\u00f5es gratuitas"},"content":{"rendered":"\n<p class=\"wp-block-paragraph\">A Orquestra de Viol\u00f5es de Concei\u00e7\u00e3o do Mato Dentro promove, nas pr\u00f3ximas semanas, uma s\u00e9rie de apresenta\u00e7\u00f5es gratuitas em diferentes espa\u00e7os culturais do munic\u00edpio. O primeiro concerto acontece no dia 26 de julho, \u00e0s 11h, no Cine Teatro Professor Jo\u00e3o Lima, reunindo alunos do projeto em um repert\u00f3rio preparado ao longo dos \u00faltimos meses.<\/p>\n\n\n\n<p class=\"wp-block-paragraph\"><br>Idealizada e coordenada pelo professor e regente Caxi Raj\u00e3o, a Orquestra de Viol\u00f5es se consolidou como um importante projeto de forma\u00e7\u00e3o musical em Concei\u00e7\u00e3o do Mato Dentro. A iniciativa oferece aulas gratuitas de viol\u00e3o e pr\u00e1tica em conjunto para crian\u00e7as, adolescentes, jovens e adultos, incentivando o desenvolvimento art\u00edstico, cultural e social dos participantes.<br>Durante as apresenta\u00e7\u00f5es, o p\u00fablico poder\u00e1 acompanhar a evolu\u00e7\u00e3o t\u00e9cnica e musical dos alunos, al\u00e9m de prestigiar um repert\u00f3rio voltado \u00e0 valoriza\u00e7\u00e3o da m\u00fasica instrumental brasileira. O projeto tamb\u00e9m refor\u00e7a seu compromisso com a democratiza\u00e7\u00e3o do acesso \u00e0 cultura e com a amplia\u00e7\u00e3o das oportunidades de forma\u00e7\u00e3o art\u00edstica no munic\u00edpio.<br>Segundo o professor e regente Caxi Raj\u00e3o, cada concerto representa uma conquista coletiva.<br>&#8220;Cada aluno que sobe ao palco carrega uma hist\u00f3ria de dedica\u00e7\u00e3o, aprendizado e supera\u00e7\u00e3o. Nosso maior objetivo \u00e9 formar pessoas por meio da m\u00fasica, despertando talentos, fortalecendo a autoestima e criando oportunidades para que a cultura fa\u00e7a parte da vida de cada um. Convidamos toda a popula\u00e7\u00e3o para prestigiar esse momento t\u00e3o especial.&#8221;<br>Al\u00e9m do concerto no Cine Teatro Professor Jo\u00e3o Lima, a programa\u00e7\u00e3o inclui apresenta\u00e7\u00f5es no Teatro de Arena do Tabuleiro e no distrito de C\u00f3rregos. Todas as atividades s\u00e3o gratuitas e abertas ao p\u00fablico.<\/p>\n\n\n\n<p class=\"wp-block-paragraph\">Programa\u00e7\u00e3o<br>26 de julho de 2026 (domingo)<br>Hor\u00e1rio: 11h<br>Local: Cine Teatro Professor Jo\u00e3o Lima<br>Endere\u00e7o: Rua Daniel de Carvalho, n\u00ba 202, Centro, Concei\u00e7\u00e3o do Mato Dentro (MG)<\/p>\n\n\n\n<p class=\"wp-block-paragraph\">2 de agosto de 2026 (domingo)<br>Hor\u00e1rio: 9h30<br>Local: Teatro de Arena do Tabuleiro<br>Concei\u00e7\u00e3o do Mato Dentro (MG)<\/p>\n\n\n\n<p class=\"wp-block-paragraph\">15 de agosto de 2026 (s\u00e1bado)<br>Hor\u00e1rio: 20h<br>Local: Distrito de C\u00f3rregos<br>Concei\u00e7\u00e3o do Mato Dentro (MG)<\/p>\n\n\n\n<p class=\"wp-block-paragraph\">Entrada gratuita.<br>O projeto conta com o patroc\u00ednio da Prefeitura Municipal de Concei\u00e7\u00e3o do Mato Dentro, por meio da Secretaria Municipal de Cultura, conforme o Edital n\u00ba 02\/2025.<br><br>Cr\u00e9dito: Divulga\u00e7\u00e3o\/ Vitor Maciel<\/p>\n","protected":false},"excerpt":{"rendered":"<p>A Orquestra de Viol\u00f5es de Concei\u00e7\u00e3o do Mato Dentro promove, nas pr\u00f3ximas semanas, uma s\u00e9rie de apresenta\u00e7\u00f5es gratuitas<\/p>\n","protected":false},"author":1,"featured_media":405,"comment_status":"open","ping_status":"open","sticky":false,"template":"","format":"standard","meta":{"footnotes":""},"categories":[1],"tags":[],"class_list":["post-404","post","type-post","status-publish","format-standard","has-post-thumbnail","hentry","category-sem-categoria"],"_links":{"self":[{"href":"https:\/\/ummineironomundo.com.br\/index.php\/wp-json\/wp\/v2\/posts\/404","targetHints":{"allow":["GET"]}}],"collection":[{"href":"https:\/\/ummineironomundo.com.br\/index.php\/wp-json\/wp\/v2\/posts"}],"about":[{"href":"https:\/\/ummineironomundo.com.br\/index.php\/wp-json\/wp\/v2\/types\/post"}],"author":[{"embeddable":true,"href":"https:\/\/ummineironomundo.com.br\/index.php\/wp-json\/wp\/v2\/users\/1"}],"replies":[{"embeddable":true,"href":"https:\/\/ummineironomundo.com.br\/index.php\/wp-json\/wp\/v2\/comments?post=404"}],"version-history":[{"count":1,"href":"https:\/\/ummineironomundo.com.br\/index.php\/wp-json\/wp\/v2\/posts\/404\/revisions"}],"predecessor-version":[{"id":406,"href":"https:\/\/ummineironomundo.com.br\/index.php\/wp-json\/wp\/v2\/posts\/404\/revisions\/406"}],"wp:featuredmedia":[{"embeddable":true,"href":"https:\/\/ummineironomundo.com.br\/index.php\/wp-json\/wp\/v2\/media\/405"}],"wp:attachment":[{"href":"https:\/\/ummineironomundo.com.br\/index.php\/wp-json\/wp\/v2\/media?parent=404"}],"wp:term":[{"taxonomy":"category","embeddable":true,"href":"https:\/\/ummineironomundo.com.br\/index.php\/wp-json\/wp\/v2\/categories?post=404"},{"taxonomy":"post_tag","embeddable":true,"href":"https:\/\/ummineironomundo.com.br\/index.php\/wp-json\/wp\/v2\/tags?post=404"}],"curies":[{"name":"wp","href":"https:\/\/api.w.org\/{rel}","templated":true}]}}