{"id":383,"date":"2026-07-17T17:26:41","date_gmt":"2026-07-17T20:26:41","guid":{"rendered":"https:\/\/ummineironomundo.com.br\/?p=383"},"modified":"2026-07-17T17:26:42","modified_gmt":"2026-07-17T20:26:42","slug":"festival-de-sabores-celebra-10-anos-com-programacao-especial-e-atracoes-gratuitas-em-belo-horizonte","status":"publish","type":"post","link":"https:\/\/ummineironomundo.com.br\/index.php\/2026\/07\/17\/festival-de-sabores-celebra-10-anos-com-programacao-especial-e-atracoes-gratuitas-em-belo-horizonte\/","title":{"rendered":"Festival de Sabores celebra 10 anos com programa\u00e7\u00e3o especial e atra\u00e7\u00f5es gratuitas em Belo Horizonte"},"content":{"rendered":"\n<h3 class=\"wp-block-heading\">Festival de Sabores celebra 10 anos com programa\u00e7\u00e3o especial e atra\u00e7\u00f5es gratuitas em Belo Horizonte<\/h3>\n\n\n\n<p class=\"wp-block-paragraph\">Evento ser\u00e1 realizado entre os dias 17 e 19 de julho, na Avenida Petrolina, com shows, quadrilha, apresenta\u00e7\u00f5es culturais, espa\u00e7o para toda a fam\u00edlia e uma ampla pra\u00e7a de alimenta\u00e7\u00e3o.<\/p>\n\n\n\n<p class=\"wp-block-paragraph\">O Festival de Sabores comemora uma d\u00e9cada de hist\u00f3ria com uma edi\u00e7\u00e3o especial nos dias 17, 18 e 19 de julho, na Avenida Petrolina, em frente ao n\u00famero 346, no bairro Sagrada Fam\u00edlia, em Belo Horizonte. Com entrada gratuita, o evento re\u00fane m\u00fasica ao vivo, apresenta\u00e7\u00f5es culturais, comidas t\u00edpicas, feira gastron\u00f4mica e uma estrutura preparada para receber toda a fam\u00edlia.<\/p>\n\n\n\n<p class=\"wp-block-paragraph\">A programa\u00e7\u00e3o come\u00e7a na sexta-feira (17), \u00e0s 20h, com show da Banda Urbana 2.<\/p>\n\n\n\n<p class=\"wp-block-paragraph\">No s\u00e1bado (18), as atividades t\u00eam in\u00edcio \u00e0s 14h. \u00c0s 15h, o p\u00fablico poder\u00e1 acompanhar a apresenta\u00e7\u00e3o do projeto Crian\u00e7a que Canta e Dan\u00e7a, com Marina Rosa. \u00c0s 16h, sobe ao palco a banda C\u00e9u de Outono, vencedora do Concurso Festival do Rock. Em seguida, \u00e0s 17h, a Banda Forr\u00f3quia comanda o palco junto com um aul\u00e3o de forr\u00f3. \u00c0s 19h30, ser\u00e1 a vez da Quadrilha Infantil Bal\u00e3o Dourado, e a noite termina, \u00e0s 20h, com show da Banda Velotrol.<\/p>\n\n\n\n<p class=\"wp-block-paragraph\">No domingo (19), a programa\u00e7\u00e3o tamb\u00e9m come\u00e7a \u00e0s 14h. \u00c0s 15h, o Grupo BH Samba se apresenta com participa\u00e7\u00f5es especiais de Fabinho do Terreiro, Dom Jujuh e Resenha de Mesa. Encerrando a comemora\u00e7\u00e3o dos 10 anos do festival, \u00e0s 20h, a Banda Disco Velho sobe ao palco.<\/p>\n\n\n\n<p class=\"wp-block-paragraph\">Al\u00e9m das atra\u00e7\u00f5es musicais e culturais, o Festival de Sabores contar\u00e1 com uma pra\u00e7a de alimenta\u00e7\u00e3o com mais de 25 esta\u00e7\u00f5es gastron\u00f4micas, oferecendo op\u00e7\u00f5es como acaraj\u00e9, hamb\u00farguer artesanal, cachorro-quente, por\u00e7\u00f5es variadas, pizza, espetinhos, feij\u00e3o tropeiro, pastel, macarr\u00e3o na chapa, batata frita, doces, sobremesas, churros, al\u00e9m de sucos, refrigerantes e drinks.<\/p>\n\n\n\n<p class=\"wp-block-paragraph\">O evento tamb\u00e9m disponibiliza espa\u00e7o kids, espa\u00e7o pet e um ambiente familiar, proporcionando lazer e entretenimento para p\u00fablicos de todas as idades durante os tr\u00eas dias de programa\u00e7\u00e3o.<\/p>\n","protected":false},"excerpt":{"rendered":"<p>Festival de Sabores celebra 10 anos com programa\u00e7\u00e3o especial e atra\u00e7\u00f5es gratuitas em Belo Horizonte Evento ser\u00e1 realizado<\/p>\n","protected":false},"author":1,"featured_media":384,"comment_status":"open","ping_status":"open","sticky":false,"template":"","format":"standard","meta":{"footnotes":""},"categories":[4],"tags":[],"class_list":["post-383","post","type-post","status-publish","format-standard","has-post-thumbnail","hentry","category-eventos"],"_links":{"self":[{"href":"https:\/\/ummineironomundo.com.br\/index.php\/wp-json\/wp\/v2\/posts\/383","targetHints":{"allow":["GET"]}}],"collection":[{"href":"https:\/\/ummineironomundo.com.br\/index.php\/wp-json\/wp\/v2\/posts"}],"about":[{"href":"https:\/\/ummineironomundo.com.br\/index.php\/wp-json\/wp\/v2\/types\/post"}],"author":[{"embeddable":true,"href":"https:\/\/ummineironomundo.com.br\/index.php\/wp-json\/wp\/v2\/users\/1"}],"replies":[{"embeddable":true,"href":"https:\/\/ummineironomundo.com.br\/index.php\/wp-json\/wp\/v2\/comments?post=383"}],"version-history":[{"count":1,"href":"https:\/\/ummineironomundo.com.br\/index.php\/wp-json\/wp\/v2\/posts\/383\/revisions"}],"predecessor-version":[{"id":385,"href":"https:\/\/ummineironomundo.com.br\/index.php\/wp-json\/wp\/v2\/posts\/383\/revisions\/385"}],"wp:featuredmedia":[{"embeddable":true,"href":"https:\/\/ummineironomundo.com.br\/index.php\/wp-json\/wp\/v2\/media\/384"}],"wp:attachment":[{"href":"https:\/\/ummineironomundo.com.br\/index.php\/wp-json\/wp\/v2\/media?parent=383"}],"wp:term":[{"taxonomy":"category","embeddable":true,"href":"https:\/\/ummineironomundo.com.br\/index.php\/wp-json\/wp\/v2\/categories?post=383"},{"taxonomy":"post_tag","embeddable":true,"href":"https:\/\/ummineironomundo.com.br\/index.php\/wp-json\/wp\/v2\/tags?post=383"}],"curies":[{"name":"wp","href":"https:\/\/api.w.org\/{rel}","templated":true}]}}